{"id":8361,"date":"2021-01-18T15:27:44","date_gmt":"2021-01-18T14:27:44","guid":{"rendered":"https:\/\/www.ortodonzialinguale.net\/?p=8361"},"modified":"2021-01-18T15:27:44","modified_gmt":"2021-01-18T14:27:44","slug":"bruxismo","status":"publish","type":"post","link":"https:\/\/www.ortodonzialinguale.net\/it\/bruxismo\/","title":{"rendered":"Bruxismo"},"content":{"rendered":"<p>Bruxismo<\/p>\n<p><strong>Cos\u2019\u00e8 il bruxismo dei denti?<\/strong><\/p>\n<p><em> Perch\u00e9 si digrignano i denti? E\u2019 normale nei bambini?<\/em><\/p>\n<p>Il bruxismo \u00e8 un comportamento dell\u2019individuo talvolta inconscio che consta di una attivit\u00e0 muscolare ripetitiva dei muscoli masticatori che si puo\u2019 verificare durante il sonno o la veglia e non ha carattere patologico di per s\u00e9, ma puo\u2019 essere un campanello di allarme come segno di altre condizioni sottostanti.<span class=\"Apple-converted-space\">\u00a0<\/span><\/p>\n<h5><span class=\"ez-toc-section\" id=\"qual-e-il-rapporto-tra-emotivita-e-bruxismo\"><\/span><strong>Qual \u00e8 il rapporto tra emotivit\u00e0 e\u00a0bruxismo?<\/strong><span class=\"ez-toc-section-end\"><\/span><\/h5>\n<p>Il bruxismo puo\u2019 essere lo specchio di patologie sottostanti correlate ad esempio al rilascio di tensione emotiva che ci fa contrarre i muscoli o ancora la conseguenza dell\u2019assunzione di farmaci come inibitori della ricaptazione della serotonina o di sostanze tipo caffeina, nicotina, alcool; ancora le cause possono essere ricercate nel reflusso gastro-esofageo o negli aspetti psichici.<\/p>\n<p>Il bruxismo puo\u2019 inoltre essere un comportamento muscolare innocuo come ad esempio frequentemente succede nei bambini dove costituisce un fisiologico fenomeno di maturazione del sistema nervoso centrale.<\/p>\n<p>Pu\u00f2 avere infine anche carattere protettivo perch\u00e9 si \u00e8 visto essere presente come evento contemporaneo ad episodi di apnee notturne di cui soffrono alcuni individui e quindi costituire un fattore di risveglio da tali episodi ai fini di liberare le vie aeree.<\/p>\n<h5><span class=\"ez-toc-section\" id=\"si-usurano-i-denti\"><\/span><strong>Si usurano i denti?<\/strong><span class=\"ez-toc-section-end\"><\/span><\/h5>\n<p>Quello che noi comunemente vediamo e che ci fa sospettare di bruxismo sono in effetti le sue conseguenze cliniche negative per esempio l\u2019usura dei denti, dolore muscolare o alle articolazioni della mandibola dovuto al sovraccarico sulle strutture dentali e muscolari a seguito del digrignamento dei denti o del fatto di tenere i muscoli in tensione per periodi di tempo lunghi.<\/p>\n<p>Comprendere tuttavia il perch\u00e9 si bruxi o si digrignino i denti non \u00e8 un compito affatto facile perch\u00e8 le cause possono essere svariate e possiamo solo essere consapevoli del fatto che sicuramente il bruxismo \u00e8 un segno di qualcosa.<\/p>\n<p>Possiamo quindi valutarne le conseguenze cliniche ed occuparci di quelle, ma spesso le conseguenze cliniche sono slegate dalle cause stesse basti pensare che ad esempio in campo odontoiatrico ormai si distinguono due tipi di bruxismo.<\/p>\n<p><strong>Il bruxismo della veglia<\/strong>\u00a0si configura con clenching o serramento prolungato dei denti che puo\u2019 arrecare sovraccarico e dolore alle articolazioni e ai muscoli.<\/p>\n<p><strong>Il bruxismo del sonno<\/strong>\u00a0ha \u00a0attivit\u00e0 di tipo fasico pi\u00f9 brevi e non sufficienti a provocare sovraccarico e dolore muscolare o articolare, ma che \u00a0invece sono correlate pi\u00f9 che altro ai fenomeni di usura dei denti.<span class=\"Apple-converted-space\">\u00a0<\/span><\/p>\n<p>Leggi anche questo articolo sulla <a href=\"https:\/\/www.ortodonzialinguale.net\/it\/servizi\/gnatologia\/\">gnatologia<\/a><\/p>\n","protected":false},"excerpt":{"rendered":"<p>Bruxismo Cos\u2019\u00e8 il bruxismo dei denti? Perch\u00e9 si digrignano i denti? E\u2019 normale nei bambini? Il bruxismo \u00e8 un comportamento dell\u2019individuo talvolta inconscio che consta di una attivit\u00e0 muscolare ripetitiva dei muscoli masticatori che si puo\u2019 verificare durante il sonno o la veglia e non ha carattere patologico di per s\u00e9, ma puo\u2019 essere un [&hellip;]<\/p>\n","protected":false},"author":6,"featured_media":8367,"comment_status":"closed","ping_status":"open","sticky":false,"template":"","format":"standard","meta":{"site-sidebar-layout":"default","site-content-layout":"default","ast-site-content-layout":"default","site-content-style":"default","site-sidebar-style":"default","ast-global-header-display":"","ast-banner-title-visibility":"","ast-main-header-display":"","ast-hfb-above-header-display":"","ast-hfb-below-header-display":"","ast-hfb-mobile-header-display":"","site-post-title":"","ast-breadcrumbs-content":"","ast-featured-img":"","footer-sml-layout":"","theme-transparent-header-meta":"default","adv-header-id-meta":"","stick-header-meta":"","header-above-stick-meta":"","header-main-stick-meta":"","header-below-stick-meta":"","astra-migrate-meta-layouts":"default","ast-page-background-enabled":"default","ast-page-background-meta":{"desktop":{"background-color":"","background-image":"","background-repeat":"repeat","background-position":"center center","background-size":"auto","background-attachment":"scroll","background-type":"","background-media":"","overlay-type":"","overlay-color":"","overlay-opacity":"","overlay-gradient":""},"tablet":{"background-color":"","background-image":"","background-repeat":"repeat","background-position":"center center","background-size":"auto","background-attachment":"scroll","background-type":"","background-media":"","overlay-type":"","overlay-color":"","overlay-opacity":"","overlay-gradient":""},"mobile":{"background-color":"","background-image":"","background-repeat":"repeat","background-position":"center center","background-size":"auto","background-attachment":"scroll","background-type":"","background-media":"","overlay-type":"","overlay-color":"","overlay-opacity":"","overlay-gradient":""}},"ast-content-background-meta":{"desktop":{"background-color":"var(--ast-global-color-5)","background-image":"","background-repeat":"repeat","background-position":"center center","background-size":"auto","background-attachment":"scroll","background-type":"","background-media":"","overlay-type":"","overlay-color":"","overlay-opacity":"","overlay-gradient":""},"tablet":{"background-color":"var(--ast-global-color-5)","background-image":"","background-repeat":"repeat","background-position":"center center","background-size":"auto","background-attachment":"scroll","background-type":"","background-media":"","overlay-type":"","overlay-color":"","overlay-opacity":"","overlay-gradient":""},"mobile":{"background-color":"var(--ast-global-color-5)","background-image":"","background-repeat":"repeat","background-position":"center center","background-size":"auto","background-attachment":"scroll","background-type":"","background-media":"","overlay-type":"","overlay-color":"","overlay-opacity":"","overlay-gradient":""}},"footnotes":""},"categories":[182],"tags":[],"class_list":["post-8361","post","type-post","status-publish","format-standard","has-post-thumbnail","hentry","category-salute-dentale"],"yoast_head":"<!-- This site is optimized with the Yoast SEO plugin v25.8 - https:\/\/yoast.com\/wordpress\/plugins\/seo\/ -->\n<title>Bruxismo - Dr. Gallone - Specialista dell&#039;apparecchio fisso invisibile<\/title>\n<meta name=\"description\" content=\"Cos\u2019\u00e8 il bruxismo dei denti?Perch\u00e9 si digrignano i denti? E\u2019 normale nei bambini?Il bruxismo \u00e8 un comportamento dell\u2019individuo talvolta inconscio\" \/>\n<meta name=\"robots\" content=\"index, follow, max-snippet:-1, max-image-preview:large, max-video-preview:-1\" \/>\n<link rel=\"canonical\" href=\"https:\/\/www.ortodonzialinguale.net\/it\/bruxismo\/\" \/>\n<meta property=\"og:locale\" content=\"it_IT\" \/>\n<meta property=\"og:type\" content=\"article\" \/>\n<meta property=\"og:title\" content=\"Bruxismo - Dr. Gallone - Specialista dell&#039;apparecchio fisso invisibile\" \/>\n<meta property=\"og:description\" content=\"Cos\u2019\u00e8 il bruxismo dei denti?Perch\u00e9 si digrignano i denti? E\u2019 normale nei bambini?Il bruxismo \u00e8 un comportamento dell\u2019individuo talvolta inconscio\" \/>\n<meta property=\"og:url\" content=\"https:\/\/www.ortodonzialinguale.net\/it\/bruxismo\/\" \/>\n<meta property=\"og:site_name\" content=\"Dr. Gallone - Specialista dell&#039;apparecchio fisso invisibile\" \/>\n<meta property=\"article:published_time\" content=\"2021-01-18T14:27:44+00:00\" \/>\n<meta property=\"og:image\" content=\"https:\/\/www.ortodonzialinguale.net\/wp-content\/uploads\/2021\/01\/bruxismo.jpeg\" \/>\n\t<meta property=\"og:image:width\" content=\"1920\" \/>\n\t<meta property=\"og:image:height\" content=\"1080\" \/>\n\t<meta property=\"og:image:type\" content=\"image\/jpeg\" \/>\n<meta name=\"author\" content=\"Info\" \/>\n<meta name=\"twitter:label1\" content=\"Scritto da\" \/>\n\t<meta name=\"twitter:data1\" content=\"Info\" \/>\n\t<meta name=\"twitter:label2\" content=\"Tempo di lettura stimato\" \/>\n\t<meta name=\"twitter:data2\" content=\"2 minuti\" \/>\n<script type=\"application\/ld+json\" class=\"yoast-schema-graph\">{\"@context\":\"https:\/\/schema.org\",\"@graph\":[{\"@type\":\"Article\",\"@id\":\"https:\/\/www.ortodonzialinguale.net\/it\/bruxismo\/#article\",\"isPartOf\":{\"@id\":\"https:\/\/www.ortodonzialinguale.net\/it\/bruxismo\/\"},\"author\":{\"name\":\"Info\",\"@id\":\"https:\/\/www.ortodonzialinguale.net\/it\/#\/schema\/person\/939be20ebad4599f0965f87edbaaeb0b\"},\"headline\":\"Bruxismo\",\"datePublished\":\"2021-01-18T14:27:44+00:00\",\"mainEntityOfPage\":{\"@id\":\"https:\/\/www.ortodonzialinguale.net\/it\/bruxismo\/\"},\"wordCount\":400,\"publisher\":{\"@id\":\"https:\/\/www.ortodonzialinguale.net\/it\/#organization\"},\"image\":{\"@id\":\"https:\/\/www.ortodonzialinguale.net\/it\/bruxismo\/#primaryimage\"},\"thumbnailUrl\":\"https:\/\/www.ortodonzialinguale.net\/wp-content\/uploads\/2021\/01\/bruxismo.jpeg\",\"articleSection\":[\"Salute Dentale\"],\"inLanguage\":\"it-IT\"},{\"@type\":\"WebPage\",\"@id\":\"https:\/\/www.ortodonzialinguale.net\/it\/bruxismo\/\",\"url\":\"https:\/\/www.ortodonzialinguale.net\/it\/bruxismo\/\",\"name\":\"Bruxismo - Dr. Gallone - Specialista dell&#039;apparecchio fisso invisibile\",\"isPartOf\":{\"@id\":\"https:\/\/www.ortodonzialinguale.net\/it\/#website\"},\"primaryImageOfPage\":{\"@id\":\"https:\/\/www.ortodonzialinguale.net\/it\/bruxismo\/#primaryimage\"},\"image\":{\"@id\":\"https:\/\/www.ortodonzialinguale.net\/it\/bruxismo\/#primaryimage\"},\"thumbnailUrl\":\"https:\/\/www.ortodonzialinguale.net\/wp-content\/uploads\/2021\/01\/bruxismo.jpeg\",\"datePublished\":\"2021-01-18T14:27:44+00:00\",\"description\":\"Cos\u2019\u00e8 il bruxismo dei denti?Perch\u00e9 si digrignano i denti? E\u2019 normale nei bambini?Il bruxismo \u00e8 un comportamento dell\u2019individuo talvolta inconscio\",\"breadcrumb\":{\"@id\":\"https:\/\/www.ortodonzialinguale.net\/it\/bruxismo\/#breadcrumb\"},\"inLanguage\":\"it-IT\",\"potentialAction\":[{\"@type\":\"ReadAction\",\"target\":[\"https:\/\/www.ortodonzialinguale.net\/it\/bruxismo\/\"]}]},{\"@type\":\"ImageObject\",\"inLanguage\":\"it-IT\",\"@id\":\"https:\/\/www.ortodonzialinguale.net\/it\/bruxismo\/#primaryimage\",\"url\":\"https:\/\/www.ortodonzialinguale.net\/wp-content\/uploads\/2021\/01\/bruxismo.jpeg\",\"contentUrl\":\"https:\/\/www.ortodonzialinguale.net\/wp-content\/uploads\/2021\/01\/bruxismo.jpeg\",\"width\":1920,\"height\":1080,\"caption\":\"Quali sono i fattori che determinano il bruxismo?\"},{\"@type\":\"BreadcrumbList\",\"@id\":\"https:\/\/www.ortodonzialinguale.net\/it\/bruxismo\/#breadcrumb\",\"itemListElement\":[{\"@type\":\"ListItem\",\"position\":1,\"name\":\"Home\",\"item\":\"https:\/\/www.ortodonzialinguale.net\/it\/\"},{\"@type\":\"ListItem\",\"position\":2,\"name\":\"Bruxismo\"}]},{\"@type\":\"WebSite\",\"@id\":\"https:\/\/www.ortodonzialinguale.net\/it\/#website\",\"url\":\"https:\/\/www.ortodonzialinguale.net\/it\/\",\"name\":\"Dr. Gallone - Specialista dell&#039;apparecchio fisso invisibile\",\"description\":\"Mostra il tuo sorriso, non il tuo apparecchio!\",\"publisher\":{\"@id\":\"https:\/\/www.ortodonzialinguale.net\/it\/#organization\"},\"potentialAction\":[{\"@type\":\"SearchAction\",\"target\":{\"@type\":\"EntryPoint\",\"urlTemplate\":\"https:\/\/www.ortodonzialinguale.net\/it\/?s={search_term_string}\"},\"query-input\":{\"@type\":\"PropertyValueSpecification\",\"valueRequired\":true,\"valueName\":\"search_term_string\"}}],\"inLanguage\":\"it-IT\"},{\"@type\":\"Organization\",\"@id\":\"https:\/\/www.ortodonzialinguale.net\/it\/#organization\",\"name\":\"Ortodonzia Linguale Catania - Dr. Mariano Gallone\",\"url\":\"https:\/\/www.ortodonzialinguale.net\/it\/\",\"logo\":{\"@type\":\"ImageObject\",\"inLanguage\":\"it-IT\",\"@id\":\"https:\/\/www.ortodonzialinguale.net\/it\/#\/schema\/logo\/image\/\",\"url\":\"https:\/\/www.ortodonzialinguale.net\/wp-content\/uploads\/2018\/06\/LOGO_Gallone2-e1477151430751.png\",\"contentUrl\":\"https:\/\/www.ortodonzialinguale.net\/wp-content\/uploads\/2018\/06\/LOGO_Gallone2-e1477151430751.png\",\"width\":300,\"height\":99,\"caption\":\"Ortodonzia Linguale Catania - Dr. Mariano Gallone\"},\"image\":{\"@id\":\"https:\/\/www.ortodonzialinguale.net\/it\/#\/schema\/logo\/image\/\"}},{\"@type\":\"Person\",\"@id\":\"https:\/\/www.ortodonzialinguale.net\/it\/#\/schema\/person\/939be20ebad4599f0965f87edbaaeb0b\",\"name\":\"Info\",\"image\":{\"@type\":\"ImageObject\",\"inLanguage\":\"it-IT\",\"@id\":\"https:\/\/www.ortodonzialinguale.net\/it\/#\/schema\/person\/image\/\",\"url\":\"https:\/\/secure.gravatar.com\/avatar\/b979ee0eefc78cf77bf3eb40cf3cb7a9def5d6872386d5f495d3b187ff7ff47f?s=96&d=mm&r=g\",\"contentUrl\":\"https:\/\/secure.gravatar.com\/avatar\/b979ee0eefc78cf77bf3eb40cf3cb7a9def5d6872386d5f495d3b187ff7ff47f?s=96&d=mm&r=g\",\"caption\":\"Info\"}}]}<\/script>\n<!-- \/ Yoast SEO plugin. -->","yoast_head_json":{"title":"Bruxismo - Dr. Gallone - Specialista dell&#039;apparecchio fisso invisibile","description":"Cos\u2019\u00e8 il bruxismo dei denti?Perch\u00e9 si digrignano i denti? E\u2019 normale nei bambini?Il bruxismo \u00e8 un comportamento dell\u2019individuo talvolta inconscio","robots":{"index":"index","follow":"follow","max-snippet":"max-snippet:-1","max-image-preview":"max-image-preview:large","max-video-preview":"max-video-preview:-1"},"canonical":"https:\/\/www.ortodonzialinguale.net\/it\/bruxismo\/","og_locale":"it_IT","og_type":"article","og_title":"Bruxismo - Dr. Gallone - Specialista dell&#039;apparecchio fisso invisibile","og_description":"Cos\u2019\u00e8 il bruxismo dei denti?Perch\u00e9 si digrignano i denti? E\u2019 normale nei bambini?Il bruxismo \u00e8 un comportamento dell\u2019individuo talvolta inconscio","og_url":"https:\/\/www.ortodonzialinguale.net\/it\/bruxismo\/","og_site_name":"Dr. Gallone - Specialista dell&#039;apparecchio fisso invisibile","article_published_time":"2021-01-18T14:27:44+00:00","og_image":[{"width":1920,"height":1080,"url":"https:\/\/www.ortodonzialinguale.net\/wp-content\/uploads\/2021\/01\/bruxismo.jpeg","type":"image\/jpeg"}],"author":"Info","twitter_misc":{"Scritto da":"Info","Tempo di lettura stimato":"2 minuti"},"schema":{"@context":"https:\/\/schema.org","@graph":[{"@type":"Article","@id":"https:\/\/www.ortodonzialinguale.net\/it\/bruxismo\/#article","isPartOf":{"@id":"https:\/\/www.ortodonzialinguale.net\/it\/bruxismo\/"},"author":{"name":"Info","@id":"https:\/\/www.ortodonzialinguale.net\/it\/#\/schema\/person\/939be20ebad4599f0965f87edbaaeb0b"},"headline":"Bruxismo","datePublished":"2021-01-18T14:27:44+00:00","mainEntityOfPage":{"@id":"https:\/\/www.ortodonzialinguale.net\/it\/bruxismo\/"},"wordCount":400,"publisher":{"@id":"https:\/\/www.ortodonzialinguale.net\/it\/#organization"},"image":{"@id":"https:\/\/www.ortodonzialinguale.net\/it\/bruxismo\/#primaryimage"},"thumbnailUrl":"https:\/\/www.ortodonzialinguale.net\/wp-content\/uploads\/2021\/01\/bruxismo.jpeg","articleSection":["Salute Dentale"],"inLanguage":"it-IT"},{"@type":"WebPage","@id":"https:\/\/www.ortodonzialinguale.net\/it\/bruxismo\/","url":"https:\/\/www.ortodonzialinguale.net\/it\/bruxismo\/","name":"Bruxismo - Dr. Gallone - Specialista dell&#039;apparecchio fisso invisibile","isPartOf":{"@id":"https:\/\/www.ortodonzialinguale.net\/it\/#website"},"primaryImageOfPage":{"@id":"https:\/\/www.ortodonzialinguale.net\/it\/bruxismo\/#primaryimage"},"image":{"@id":"https:\/\/www.ortodonzialinguale.net\/it\/bruxismo\/#primaryimage"},"thumbnailUrl":"https:\/\/www.ortodonzialinguale.net\/wp-content\/uploads\/2021\/01\/bruxismo.jpeg","datePublished":"2021-01-18T14:27:44+00:00","description":"Cos\u2019\u00e8 il bruxismo dei denti?Perch\u00e9 si digrignano i denti? E\u2019 normale nei bambini?Il bruxismo \u00e8 un comportamento dell\u2019individuo talvolta inconscio","breadcrumb":{"@id":"https:\/\/www.ortodonzialinguale.net\/it\/bruxismo\/#breadcrumb"},"inLanguage":"it-IT","potentialAction":[{"@type":"ReadAction","target":["https:\/\/www.ortodonzialinguale.net\/it\/bruxismo\/"]}]},{"@type":"ImageObject","inLanguage":"it-IT","@id":"https:\/\/www.ortodonzialinguale.net\/it\/bruxismo\/#primaryimage","url":"https:\/\/www.ortodonzialinguale.net\/wp-content\/uploads\/2021\/01\/bruxismo.jpeg","contentUrl":"https:\/\/www.ortodonzialinguale.net\/wp-content\/uploads\/2021\/01\/bruxismo.jpeg","width":1920,"height":1080,"caption":"Quali sono i fattori che determinano il bruxismo?"},{"@type":"BreadcrumbList","@id":"https:\/\/www.ortodonzialinguale.net\/it\/bruxismo\/#breadcrumb","itemListElement":[{"@type":"ListItem","position":1,"name":"Home","item":"https:\/\/www.ortodonzialinguale.net\/it\/"},{"@type":"ListItem","position":2,"name":"Bruxismo"}]},{"@type":"WebSite","@id":"https:\/\/www.ortodonzialinguale.net\/it\/#website","url":"https:\/\/www.ortodonzialinguale.net\/it\/","name":"Dr. Gallone - Specialista dell&#039;apparecchio fisso invisibile","description":"Mostra il tuo sorriso, non il tuo apparecchio!","publisher":{"@id":"https:\/\/www.ortodonzialinguale.net\/it\/#organization"},"potentialAction":[{"@type":"SearchAction","target":{"@type":"EntryPoint","urlTemplate":"https:\/\/www.ortodonzialinguale.net\/it\/?s={search_term_string}"},"query-input":{"@type":"PropertyValueSpecification","valueRequired":true,"valueName":"search_term_string"}}],"inLanguage":"it-IT"},{"@type":"Organization","@id":"https:\/\/www.ortodonzialinguale.net\/it\/#organization","name":"Ortodonzia Linguale Catania - Dr. Mariano Gallone","url":"https:\/\/www.ortodonzialinguale.net\/it\/","logo":{"@type":"ImageObject","inLanguage":"it-IT","@id":"https:\/\/www.ortodonzialinguale.net\/it\/#\/schema\/logo\/image\/","url":"https:\/\/www.ortodonzialinguale.net\/wp-content\/uploads\/2018\/06\/LOGO_Gallone2-e1477151430751.png","contentUrl":"https:\/\/www.ortodonzialinguale.net\/wp-content\/uploads\/2018\/06\/LOGO_Gallone2-e1477151430751.png","width":300,"height":99,"caption":"Ortodonzia Linguale Catania - Dr. Mariano Gallone"},"image":{"@id":"https:\/\/www.ortodonzialinguale.net\/it\/#\/schema\/logo\/image\/"}},{"@type":"Person","@id":"https:\/\/www.ortodonzialinguale.net\/it\/#\/schema\/person\/939be20ebad4599f0965f87edbaaeb0b","name":"Info","image":{"@type":"ImageObject","inLanguage":"it-IT","@id":"https:\/\/www.ortodonzialinguale.net\/it\/#\/schema\/person\/image\/","url":"https:\/\/secure.gravatar.com\/avatar\/b979ee0eefc78cf77bf3eb40cf3cb7a9def5d6872386d5f495d3b187ff7ff47f?s=96&d=mm&r=g","contentUrl":"https:\/\/secure.gravatar.com\/avatar\/b979ee0eefc78cf77bf3eb40cf3cb7a9def5d6872386d5f495d3b187ff7ff47f?s=96&d=mm&r=g","caption":"Info"}}]}},"_links":{"self":[{"href":"https:\/\/www.ortodonzialinguale.net\/it\/wp-json\/wp\/v2\/posts\/8361","targetHints":{"allow":["GET"]}}],"collection":[{"href":"https:\/\/www.ortodonzialinguale.net\/it\/wp-json\/wp\/v2\/posts"}],"about":[{"href":"https:\/\/www.ortodonzialinguale.net\/it\/wp-json\/wp\/v2\/types\/post"}],"author":[{"embeddable":true,"href":"https:\/\/www.ortodonzialinguale.net\/it\/wp-json\/wp\/v2\/users\/6"}],"replies":[{"embeddable":true,"href":"https:\/\/www.ortodonzialinguale.net\/it\/wp-json\/wp\/v2\/comments?post=8361"}],"version-history":[{"count":3,"href":"https:\/\/www.ortodonzialinguale.net\/it\/wp-json\/wp\/v2\/posts\/8361\/revisions"}],"predecessor-version":[{"id":8376,"href":"https:\/\/www.ortodonzialinguale.net\/it\/wp-json\/wp\/v2\/posts\/8361\/revisions\/8376"}],"wp:featuredmedia":[{"embeddable":true,"href":"https:\/\/www.ortodonzialinguale.net\/it\/wp-json\/wp\/v2\/media\/8367"}],"wp:attachment":[{"href":"https:\/\/www.ortodonzialinguale.net\/it\/wp-json\/wp\/v2\/media?parent=8361"}],"wp:term":[{"taxonomy":"category","embeddable":true,"href":"https:\/\/www.ortodonzialinguale.net\/it\/wp-json\/wp\/v2\/categories?post=8361"},{"taxonomy":"post_tag","embeddable":true,"href":"https:\/\/www.ortodonzialinguale.net\/it\/wp-json\/wp\/v2\/tags?post=8361"}],"curies":[{"name":"wp","href":"https:\/\/api.w.org\/{rel}","templated":true}]}}